{"id":633,"date":"2023-09-22T07:31:39","date_gmt":"2023-09-22T10:31:39","guid":{"rendered":"http:\/\/cdlitajai.com.br\/informativo\/?p=633"},"modified":"2023-09-22T07:31:39","modified_gmt":"2023-09-22T10:31:39","slug":"sabado-de-cdl-da-alegria-na-praca-marco-zero-em-itajai","status":"publish","type":"post","link":"https:\/\/cdlitajai.com.br\/informativo\/?p=633","title":{"rendered":"S\u00e1bado de CDL da Alegria na Pra\u00e7a Marco Zero, em Itaja\u00ed"},"content":{"rendered":"\n<p>Uma s\u00e9rie de atividades de lazer vai movimentar o Centro de Itaja\u00ed, neste s\u00e1bado, 23, a partir das 9h. A nova pra\u00e7a do Marco Zero, localizada em um dos pontos tur\u00edsticos da cidade, \u00e0s margens do Rio Itaja\u00ed-A\u00e7u, ser\u00e1 o cen\u00e1rio para a a\u00e7\u00e3o.&nbsp;<\/p>\n\n\n\n<p>Uma programa\u00e7\u00e3o para reunir as fam\u00edlias e amigos, com brincadeiras infantis, jogos educacionais, apresenta\u00e7\u00e3o de manobras de skate, cantinho da leitura, teatro e orienta\u00e7\u00e3o de educa\u00e7\u00e3o no tr\u00e2nsito, al\u00e9m das atividades l\u00fadicas, e uma variedade de op\u00e7\u00f5es gastron\u00f4micas e de artesanato local. A iniciativa da CDL de Itaja\u00ed conta com apoio da Secretaria de Urbanismo vai transformar o s\u00e1bado em um dia de alegria, entretenimento e confraterniza\u00e7\u00e3o para todos os moradores da cidade.&nbsp;<\/p>\n\n\n\n<p>\u201cA realiza\u00e7\u00e3o da segunda edi\u00e7\u00e3o do projeto \u201cCDL da Alegria\u201d em parceria com a Prefeitura de Itaja\u00ed \u00e9 uma oportunidade \u00fanica para a comunidade se reunir, se divertir e ocupar um espa\u00e7o que por muito tempo foi usado como \u00e1rea de encontro e confraterniza\u00e7\u00e3o, a pra\u00e7a do Marco Zero. Um local que, al\u00e9m do prop\u00f3sito de unir pessoas, tem um significado hist\u00f3rico para toda a nossa comunidade&#8221;, disse Mario da Silva , presidente da CDL de Itaja\u00ed.<\/p>\n\n\n\n<p>Esta \u00e9 a segunda edi\u00e7\u00e3o do evento, a primeira aconteceu no Parque Dom Bosco.<\/p>\n\n\n\n<p><strong>Informa\u00e7\u00f5es do Evento:<\/strong><\/p>\n\n\n\n<p>Quando: s\u00e1bado, 23 de setembro<\/p>\n\n\n\n<p>Hor\u00e1rio: Das 9h \u00e0s 13h<\/p>\n\n\n\n<p>Local: Pra\u00e7a do Marco Zero, \u00e0s margens do Rio Itaja\u00ed A\u00e7u<\/p>\n","protected":false},"excerpt":{"rendered":"<div class=\"mh-excerpt\"><p>Uma s\u00e9rie de atividades de lazer vai movimentar o Centro de Itaja\u00ed, neste s\u00e1bado, 23, a partir das 9h. A nova pra\u00e7a do Marco Zero, localizada em um dos pontos tur\u00edsticos da cidade, \u00e0s margens do Rio Itaja\u00ed-A\u00e7u, ser\u00e1 o cen\u00e1rio para a a\u00e7\u00e3o.&nbsp; Uma programa\u00e7\u00e3o para reunir as fam\u00edlias e amigos, com brincadeiras infantis, jogos educacionais, apresenta\u00e7\u00e3o de manobras <a class=\"mh-excerpt-more\" href=\"https:\/\/cdlitajai.com.br\/informativo\/?p=633\" title=\"S\u00e1bado de CDL da Alegria na Pra\u00e7a Marco Zero, em Itaja\u00ed\">[&#8230;]<\/a><\/p>\n<\/div>","protected":false},"author":3,"featured_media":635,"comment_status":"open","ping_status":"open","sticky":false,"template":"","format":"standard","meta":[],"categories":[1],"tags":[],"_links":{"self":[{"href":"https:\/\/cdlitajai.com.br\/informativo\/index.php?rest_route=\/wp\/v2\/posts\/633"}],"collection":[{"href":"https:\/\/cdlitajai.com.br\/informativo\/index.php?rest_route=\/wp\/v2\/posts"}],"about":[{"href":"https:\/\/cdlitajai.com.br\/informativo\/index.php?rest_route=\/wp\/v2\/types\/post"}],"author":[{"embeddable":true,"href":"https:\/\/cdlitajai.com.br\/informativo\/index.php?rest_route=\/wp\/v2\/users\/3"}],"replies":[{"embeddable":true,"href":"https:\/\/cdlitajai.com.br\/informativo\/index.php?rest_route=%2Fwp%2Fv2%2Fcomments&post=633"}],"version-history":[{"count":1,"href":"https:\/\/cdlitajai.com.br\/informativo\/index.php?rest_route=\/wp\/v2\/posts\/633\/revisions"}],"predecessor-version":[{"id":636,"href":"https:\/\/cdlitajai.com.br\/informativo\/index.php?rest_route=\/wp\/v2\/posts\/633\/revisions\/636"}],"wp:featuredmedia":[{"embeddable":true,"href":"https:\/\/cdlitajai.com.br\/informativo\/index.php?rest_route=\/wp\/v2\/media\/635"}],"wp:attachment":[{"href":"https:\/\/cdlitajai.com.br\/informativo\/index.php?rest_route=%2Fwp%2Fv2%2Fmedia&parent=633"}],"wp:term":[{"taxonomy":"category","embeddable":true,"href":"https:\/\/cdlitajai.com.br\/informativo\/index.php?rest_route=%2Fwp%2Fv2%2Fcategories&post=633"},{"taxonomy":"post_tag","embeddable":true,"href":"https:\/\/cdlitajai.com.br\/informativo\/index.php?rest_route=%2Fwp%2Fv2%2Ftags&post=633"}],"curies":[{"name":"wp","href":"https:\/\/api.w.org\/{rel}","templated":true}]}}