{"id":1289,"date":"2026-07-30T15:57:24","date_gmt":"2026-07-30T18:57:24","guid":{"rendered":"https:\/\/cdlitajai.com.br\/informativo\/?p=1289"},"modified":"2026-07-31T15:59:21","modified_gmt":"2026-07-31T18:59:21","slug":"cdl-de-itajai-promove-6a-edicao-do-mutirao-limpa-nome-em-parceria-com-o-procon","status":"publish","type":"post","link":"https:\/\/cdlitajai.com.br\/informativo\/?p=1289","title":{"rendered":"CDL de Itaja\u00ed promove 6\u00aa edi\u00e7\u00e3o do Mutir\u00e3o Limpa Nome em parceria com o Procon"},"content":{"rendered":"\n<p>A CDL de Itaja\u00ed promove a 6\u00aa edi\u00e7\u00e3o do Mutir\u00e3o Limpa Nome, uma iniciativa realizada em parceria com o Procon de Itaja\u00ed para aproximar consumidores e empresas e facilitar a renegocia\u00e7\u00e3o de d\u00edvidas.<\/p>\n\n\n\n<p>Neste ano, a a\u00e7\u00e3o ter\u00e1 como foco o com\u00e9rcio varejista local, contribuindo para que lojas associadas e n\u00e3o associadas \u00e0 CDL possam recuperar valores em aberto. Para os consumidores, o mutir\u00e3o representa uma oportunidade de reorganizar a vida financeira, limpar o nome e voltar a comprar no com\u00e9rcio de Itaja\u00ed.<\/p>\n\n\n\n<p>Durante o atendimento, a equipe da CDL estar\u00e1 dispon\u00edvel na sede do Procon para orientar os consumidores e entrar em contato com as empresas credoras em busca das melhores condi\u00e7\u00f5es para cada negocia\u00e7\u00e3o. Os descontos ser\u00e3o definidos diretamente com as lojas e poder\u00e3o chegar a 70%, conforme o valor da d\u00edvida e as condi\u00e7\u00f5es acordadas.<\/p>\n\n\n\n<h3 class=\"wp-block-heading\"><strong><em>Servi\u00e7o<\/em><\/strong><\/h3>\n\n\n\n<p>6\u00aa edi\u00e7\u00e3o do Mutir\u00e3o Limpa Nome<\/p>\n\n\n\n<ul>\n<li>Data: de 4 a 7 de agosto<\/li>\n\n\n\n<li>Local: sede do Procon de Itaja\u00ed<\/li>\n\n\n\n<li>Realiza\u00e7\u00e3o: CDL de Itaja\u00ed, em parceria com o Procon<\/li>\n\n\n\n<li>Atendimento: consumidores com d\u00edvidas em aberto no com\u00e9rcio de Itaja\u00ed<\/li>\n\n\n\n<li>Empresas: lojas associadas e n\u00e3o associadas \u00e0 CDL<\/li>\n\n\n\n<li>Descontos: podem chegar a 70%, conforme cada negocia\u00e7\u00e3o<\/li>\n<\/ul>\n\n\n\n<h3 class=\"wp-block-heading\"><strong><em>Hor\u00e1rios<\/em><\/strong><\/h3>\n\n\n\n<ul>\n<li>Dias 4, 5 e 6 de agosto: das 10h \u00e0s 19h<\/li>\n\n\n\n<li>Dia 7 de agosto: das 10h \u00e0s 18h<\/li>\n<\/ul>\n","protected":false},"excerpt":{"rendered":"<div class=\"mh-excerpt\"><p>A CDL de Itaja\u00ed promove a 6\u00aa edi\u00e7\u00e3o do Mutir\u00e3o Limpa Nome, uma iniciativa realizada em parceria com o Procon de Itaja\u00ed para aproximar consumidores e empresas e facilitar a renegocia\u00e7\u00e3o de d\u00edvidas. Neste ano, a a\u00e7\u00e3o ter\u00e1 como foco o com\u00e9rcio varejista local, contribuindo para que lojas associadas e n\u00e3o associadas \u00e0 CDL possam recuperar valores em aberto. Para <a class=\"mh-excerpt-more\" href=\"https:\/\/cdlitajai.com.br\/informativo\/?p=1289\" title=\"CDL de Itaja\u00ed promove 6\u00aa edi\u00e7\u00e3o do Mutir\u00e3o Limpa Nome em parceria com o Procon\">[&#8230;]<\/a><\/p>\n<\/div>","protected":false},"author":3,"featured_media":1290,"comment_status":"open","ping_status":"open","sticky":false,"template":"","format":"standard","meta":[],"categories":[1],"tags":[],"_links":{"self":[{"href":"https:\/\/cdlitajai.com.br\/informativo\/index.php?rest_route=\/wp\/v2\/posts\/1289"}],"collection":[{"href":"https:\/\/cdlitajai.com.br\/informativo\/index.php?rest_route=\/wp\/v2\/posts"}],"about":[{"href":"https:\/\/cdlitajai.com.br\/informativo\/index.php?rest_route=\/wp\/v2\/types\/post"}],"author":[{"embeddable":true,"href":"https:\/\/cdlitajai.com.br\/informativo\/index.php?rest_route=\/wp\/v2\/users\/3"}],"replies":[{"embeddable":true,"href":"https:\/\/cdlitajai.com.br\/informativo\/index.php?rest_route=%2Fwp%2Fv2%2Fcomments&post=1289"}],"version-history":[{"count":1,"href":"https:\/\/cdlitajai.com.br\/informativo\/index.php?rest_route=\/wp\/v2\/posts\/1289\/revisions"}],"predecessor-version":[{"id":1291,"href":"https:\/\/cdlitajai.com.br\/informativo\/index.php?rest_route=\/wp\/v2\/posts\/1289\/revisions\/1291"}],"wp:featuredmedia":[{"embeddable":true,"href":"https:\/\/cdlitajai.com.br\/informativo\/index.php?rest_route=\/wp\/v2\/media\/1290"}],"wp:attachment":[{"href":"https:\/\/cdlitajai.com.br\/informativo\/index.php?rest_route=%2Fwp%2Fv2%2Fmedia&parent=1289"}],"wp:term":[{"taxonomy":"category","embeddable":true,"href":"https:\/\/cdlitajai.com.br\/informativo\/index.php?rest_route=%2Fwp%2Fv2%2Fcategories&post=1289"},{"taxonomy":"post_tag","embeddable":true,"href":"https:\/\/cdlitajai.com.br\/informativo\/index.php?rest_route=%2Fwp%2Fv2%2Ftags&post=1289"}],"curies":[{"name":"wp","href":"https:\/\/api.w.org\/{rel}","templated":true}]}}