{"id":1284,"date":"2026-07-31T15:17:28","date_gmt":"2026-07-31T18:17:28","guid":{"rendered":"https:\/\/cdlitajai.com.br\/informativo\/?p=1284"},"modified":"2026-07-31T15:19:17","modified_gmt":"2026-07-31T18:19:17","slug":"comercio-de-itajai-projeta-dia-dos-pais-aquecido-com-presentes-de-ate-r-200","status":"publish","type":"post","link":"https:\/\/cdlitajai.com.br\/informativo\/?p=1284","title":{"rendered":"Pesquisa aponta confian\u00e7a do varejo e movimenta expectativas para o Dia dos Pais em Itaja\u00ed"},"content":{"rendered":"\n<figure class=\"wp-block-image size-large\"><img decoding=\"async\" loading=\"lazy\" width=\"1024\" height=\"363\" src=\"https:\/\/cdlitajai.com.br\/informativo\/wp-content\/uploads\/2026\/07\/pais_banner_1100x390px-1536x545-1-1024x363.png\" alt=\"\" class=\"wp-image-1285\" srcset=\"https:\/\/cdlitajai.com.br\/informativo\/wp-content\/uploads\/2026\/07\/pais_banner_1100x390px-1536x545-1-1024x363.png 1024w, https:\/\/cdlitajai.com.br\/informativo\/wp-content\/uploads\/2026\/07\/pais_banner_1100x390px-1536x545-1-300x106.png 300w, https:\/\/cdlitajai.com.br\/informativo\/wp-content\/uploads\/2026\/07\/pais_banner_1100x390px-1536x545-1-768x273.png 768w, https:\/\/cdlitajai.com.br\/informativo\/wp-content\/uploads\/2026\/07\/pais_banner_1100x390px-1536x545-1.png 1536w\" sizes=\"(max-width: 1024px) 100vw, 1024px\" \/><\/figure>\n\n\n\n<h2 class=\"wp-block-heading\">Pesquisa do PROCON\/SC e da FCDL\/SC aponta que 67% dos consumidores catarinenses pretendem presentear na data; vestu\u00e1rio, cal\u00e7ados e perfumaria est\u00e3o entre os itens mais procurados<\/h2>\n\n\n\n<p>O com\u00e9rcio de Itaja\u00ed acompanha com expectativa o movimento para o Dia dos Pais, uma das principais datas do calend\u00e1rio varejista. Uma pesquisa in\u00e9dita realizada pelo PROCON\/SC e pela FCDL\/SC revelou que 67% dos consumidores catarinenses pretendem comprar presentes para o Dia dos Pais. Entre eles, 62,5% planejam gastar entre R$100 e R$200, faixa que tamb\u00e9m corresponde ao ticket m\u00e9dio mais esperado pelos empres\u00e1rios entrevistados.<\/p>\n\n\n\n<p>O levantamento ouviu mais de 600 consumidores e 400 empres\u00e1rios de diferentes regi\u00f5es de Santa Catarina. Entre os varejistas, quase 40% projetam crescimento nas vendas em rela\u00e7\u00e3o ao ano passado, sinalizando confian\u00e7a na movimenta\u00e7\u00e3o do com\u00e9rcio durante a data.<\/p>\n\n\n\n<p>Para a CDL de Itaja\u00ed, os dados indicam uma oportunidade para que os lojas fortale\u00e7am suas estrat\u00e9gias comerciais, invistam na divulga\u00e7\u00e3o dos produtos e ofere\u00e7am uma experi\u00eancia de compra atrativa aos consumidores.<\/p>\n\n\n\n<h2 class=\"wp-block-heading\"><strong>Integra\u00e7\u00e3o entre loja f\u00edsica e canais digitais<\/strong><\/h2>\n\n\n\n<p>A pesquisa mostra que a loja f\u00edsica continua sendo o principal canal de vendas para 80,5% dos empres\u00e1rios entrevistados. Ao mesmo tempo, as m\u00eddias digitais foram apontadas por 73,8% dos lojistas como o principal meio de divulga\u00e7\u00e3o das promo\u00e7\u00f5es para o Dia dos Pais.<\/p>\n\n\n\n<p>Entre os consumidores, a prefer\u00eancia est\u00e1 equilibrada: 40% pretendem realizar suas compras em lojas online e marketplaces, enquanto 39% preferem as lojas f\u00edsicas.<\/p>\n\n\n\n<p>O cen\u00e1rio refor\u00e7a a import\u00e2ncia de uma atua\u00e7\u00e3o integrada por parte dos comerciantes, que podem utilizar as redes sociais para apresentar produtos, divulgar pre\u00e7os e condi\u00e7\u00f5es de pagamento, al\u00e9m de estimular o consumidor a visitar os estabelecimentos.<\/p>\n\n\n\n<p>Em Itaja\u00ed, a expectativa \u00e9 de que a combina\u00e7\u00e3o entre atendimento pr\u00f3ximo, variedade de produtos e comunica\u00e7\u00e3o digital contribua para ampliar o movimento nas lojas durante o per\u00edodo que antecede a data.<\/p>\n\n\n\n<h2 class=\"wp-block-heading\"><strong>Vestu\u00e1rio e cal\u00e7ados lideram inten\u00e7\u00e3o de compra<\/strong><\/h2>\n\n\n\n<p>Entre as categorias mais procuradas pelos consumidores catarinenses est\u00e3o vestu\u00e1rio e cal\u00e7ados, que concentram 29% da inten\u00e7\u00e3o de compra. Na sequ\u00eancia aparecem perfumaria e cosm\u00e9ticos, com 16%, e bebidas, com 10%.<\/p>\n\n\n\n<p>Os n\u00fameros indicam oportunidades para diferentes segmentos do com\u00e9rcio, desde lojas de moda e cal\u00e7ados at\u00e9 estabelecimentos especializados em presentes, produtos de cuidados pessoais e bebidas.<\/p>\n\n\n\n<p>Acesse as pesquisas realizadas com empres\u00e1rios e consumidores:<\/p>\n\n\n\n<p><a href=\"https:\/\/drive.google.com\/file\/d\/1r1qVoS39k8tkb1EeYRoOQKY5Ik4h_81g\/view\">https:\/\/drive.google.com\/file\/d\/1r1qVoS39k8tkb1EeYRoOQKY5Ik4h_81g\/view<\/a><\/p>\n\n\n\n<p><a href=\"https:\/\/drive.google.com\/file\/d\/1eqiErJkooQnlgolvIQCmJ6xS6l33bpm3\/view\">https:\/\/drive.google.com\/file\/d\/1eqiErJkooQnlgolvIQCmJ6xS6l33bpm3\/view<\/a><\/p>\n","protected":false},"excerpt":{"rendered":"<div class=\"mh-excerpt\"><p>Pesquisa do PROCON\/SC e da FCDL\/SC aponta que 67% dos consumidores catarinenses pretendem presentear na data; vestu\u00e1rio, cal\u00e7ados e perfumaria est\u00e3o entre os itens mais procurados O com\u00e9rcio de Itaja\u00ed acompanha com expectativa o movimento para o Dia dos Pais, uma das principais datas do calend\u00e1rio varejista. Uma pesquisa in\u00e9dita realizada pelo PROCON\/SC e pela FCDL\/SC revelou que 67% dos <a class=\"mh-excerpt-more\" href=\"https:\/\/cdlitajai.com.br\/informativo\/?p=1284\" title=\"Pesquisa aponta confian\u00e7a do varejo e movimenta expectativas para o Dia dos Pais em Itaja\u00ed\">[&#8230;]<\/a><\/p>\n<\/div>","protected":false},"author":3,"featured_media":1286,"comment_status":"open","ping_status":"open","sticky":false,"template":"","format":"standard","meta":[],"categories":[1],"tags":[],"_links":{"self":[{"href":"https:\/\/cdlitajai.com.br\/informativo\/index.php?rest_route=\/wp\/v2\/posts\/1284"}],"collection":[{"href":"https:\/\/cdlitajai.com.br\/informativo\/index.php?rest_route=\/wp\/v2\/posts"}],"about":[{"href":"https:\/\/cdlitajai.com.br\/informativo\/index.php?rest_route=\/wp\/v2\/types\/post"}],"author":[{"embeddable":true,"href":"https:\/\/cdlitajai.com.br\/informativo\/index.php?rest_route=\/wp\/v2\/users\/3"}],"replies":[{"embeddable":true,"href":"https:\/\/cdlitajai.com.br\/informativo\/index.php?rest_route=%2Fwp%2Fv2%2Fcomments&post=1284"}],"version-history":[{"count":2,"href":"https:\/\/cdlitajai.com.br\/informativo\/index.php?rest_route=\/wp\/v2\/posts\/1284\/revisions"}],"predecessor-version":[{"id":1288,"href":"https:\/\/cdlitajai.com.br\/informativo\/index.php?rest_route=\/wp\/v2\/posts\/1284\/revisions\/1288"}],"wp:featuredmedia":[{"embeddable":true,"href":"https:\/\/cdlitajai.com.br\/informativo\/index.php?rest_route=\/wp\/v2\/media\/1286"}],"wp:attachment":[{"href":"https:\/\/cdlitajai.com.br\/informativo\/index.php?rest_route=%2Fwp%2Fv2%2Fmedia&parent=1284"}],"wp:term":[{"taxonomy":"category","embeddable":true,"href":"https:\/\/cdlitajai.com.br\/informativo\/index.php?rest_route=%2Fwp%2Fv2%2Fcategories&post=1284"},{"taxonomy":"post_tag","embeddable":true,"href":"https:\/\/cdlitajai.com.br\/informativo\/index.php?rest_route=%2Fwp%2Fv2%2Ftags&post=1284"}],"curies":[{"name":"wp","href":"https:\/\/api.w.org\/{rel}","templated":true}]}}