{"id":1281,"date":"2026-07-29T08:07:06","date_gmt":"2026-07-29T11:07:06","guid":{"rendered":"https:\/\/cdlitajai.com.br\/informativo\/?p=1281"},"modified":"2026-07-30T08:10:57","modified_gmt":"2026-07-30T11:10:57","slug":"cdl-de-itajai-e-homenageada-pela-prefeitura-pelos-60-anos-de-atuacao","status":"publish","type":"post","link":"https:\/\/cdlitajai.com.br\/informativo\/?p=1281","title":{"rendered":"CDL de Itaja\u00ed \u00e9 homenageada pela Prefeitura pelos 60 anos de atua\u00e7\u00e3o"},"content":{"rendered":"\n<p>A C\u00e2mara de Dirigentes Lojistas (CDL) de Itaja\u00ed foi homenageada pela Prefeitura de Itaja\u00ed em reconhecimento aos seus 60 anos de hist\u00f3ria e contribui\u00e7\u00e3o para o desenvolvimento econ\u00f4mico do munic\u00edpio. A solenidade ocorreu nesta semana, na sede da Prefeitura, e reuniu autoridades, lideran\u00e7as empresariais e representantes de diversos setores da cidade.<\/p>\n\n\n\n<p>A homenagem marca a celebra\u00e7\u00e3o do anivers\u00e1rio da entidade, comemorado no \u00faltimo dia 21 de julho, e refor\u00e7a a import\u00e2ncia da CDL de Itaja\u00ed na defesa do varejo, na representatividade do setor empresarial e na promo\u00e7\u00e3o de iniciativas voltadas ao fortalecimento da economia local.<\/p>\n\n\n\n<p>O ato contou com a presen\u00e7a do prefeito <strong>Robison Coelho<\/strong>, secret\u00e1rios municipais, vereadores, representantes de entidades e lideran\u00e7as do setor produtivo. Durante a cerim\u00f4nia, os vereadores presentes destacaram a trajet\u00f3ria da CDL de Itaja\u00ed ao longo de seis d\u00e9cadas, ressaltando o papel da entidade na defesa dos interesses do com\u00e9rcio, na valoriza\u00e7\u00e3o do empreendedorismo e na constru\u00e7\u00e3o de uma cidade mais forte e economicamente desenvolvida.<\/p>\n\n\n\n<p>A secret\u00e1ria municipal de Turismo, <strong>Gabriela Kelm<\/strong>, tamb\u00e9m enalteceu a atua\u00e7\u00e3o da entidade, destacando a relev\u00e2ncia do associativismo para o fortalecimento do varejo e a contribui\u00e7\u00e3o da CDL de Itaja\u00ed na forma\u00e7\u00e3o de novas lideran\u00e7as empresariais em Itaja\u00ed.<\/p>\n\n\n\n<p>Em seu pronunciamento, o prefeito Robison Coelho lembrou a rela\u00e7\u00e3o hist\u00f3rica de sua fam\u00edlia com a entidade. Ele recordou que tios e primos fizeram parte da trajet\u00f3ria da C\u00e2mara de Dirigentes Lojistas, ressaltando a import\u00e2ncia da institui\u00e7\u00e3o para o desenvolvimento do munic\u00edpio e o papel que sempre exerceu na defesa dos empres\u00e1rios itajaienses.<\/p>\n\n\n\n<p>Como s\u00edmbolo do reconhecimento, o presidente da CDL de Itaja\u00ed, <strong>Laerson Batista da Costa<\/strong>, recebeu uma placa comemorativa em homenagem aos 60 anos da entidade. A homenagem foi compartilhada com diretores e representantes da equipe de colaboradores, que representaram todos aqueles que, ao longo das \u00faltimas seis d\u00e9cadas, contribu\u00edram para construir a hist\u00f3ria da institui\u00e7\u00e3o.<\/p>\n\n\n\n<p>Para o presidente da CDL, o reconhecimento representa o trabalho coletivo desenvolvido por gera\u00e7\u00f5es de empres\u00e1rios e volunt\u00e1rios que dedicaram seu tempo ao fortalecimento da entidade.<\/p>\n\n\n\n<blockquote class=\"wp-block-quote\">\n<p>&#8220;Receber esta homenagem \u00e9 motivo de muito orgulho. A CDL de Itaja\u00ed chega aos 60 anos gra\u00e7as ao empenho de milhares de empres\u00e1rios, diretores, colaboradores e associados que acreditaram na for\u00e7a do associativismo. Este reconhecimento refor\u00e7a nossa responsabilidade de continuar trabalhando pelo desenvolvimento do com\u00e9rcio, dos servi\u00e7os e da nossa cidade&#8221;, destacou Laerson Batista da Costa.<\/p>\n<\/blockquote>\n\n\n\n<p>Fundada em 1966, a CDL de Itaja\u00ed consolidou-se como uma das principais entidades representativas do munic\u00edpio, atuando na defesa dos interesses dos empres\u00e1rios, na oferta de solu\u00e7\u00f5es para o varejo, na qualifica\u00e7\u00e3o do setor e na promo\u00e7\u00e3o de a\u00e7\u00f5es que impulsionam o desenvolvimento econ\u00f4mico e social da cidade. <\/p>\n","protected":false},"excerpt":{"rendered":"<div class=\"mh-excerpt\"><p>A C\u00e2mara de Dirigentes Lojistas (CDL) de Itaja\u00ed foi homenageada pela Prefeitura de Itaja\u00ed em reconhecimento aos seus 60 anos de hist\u00f3ria e contribui\u00e7\u00e3o para o desenvolvimento econ\u00f4mico do munic\u00edpio. A solenidade ocorreu nesta semana, na sede da Prefeitura, e reuniu autoridades, lideran\u00e7as empresariais e representantes de diversos setores da cidade. A homenagem marca a celebra\u00e7\u00e3o do anivers\u00e1rio da entidade, <a class=\"mh-excerpt-more\" href=\"https:\/\/cdlitajai.com.br\/informativo\/?p=1281\" title=\"CDL de Itaja\u00ed \u00e9 homenageada pela Prefeitura pelos 60 anos de atua\u00e7\u00e3o\">[&#8230;]<\/a><\/p>\n<\/div>","protected":false},"author":3,"featured_media":1282,"comment_status":"open","ping_status":"open","sticky":false,"template":"","format":"standard","meta":[],"categories":[1],"tags":[],"_links":{"self":[{"href":"https:\/\/cdlitajai.com.br\/informativo\/index.php?rest_route=\/wp\/v2\/posts\/1281"}],"collection":[{"href":"https:\/\/cdlitajai.com.br\/informativo\/index.php?rest_route=\/wp\/v2\/posts"}],"about":[{"href":"https:\/\/cdlitajai.com.br\/informativo\/index.php?rest_route=\/wp\/v2\/types\/post"}],"author":[{"embeddable":true,"href":"https:\/\/cdlitajai.com.br\/informativo\/index.php?rest_route=\/wp\/v2\/users\/3"}],"replies":[{"embeddable":true,"href":"https:\/\/cdlitajai.com.br\/informativo\/index.php?rest_route=%2Fwp%2Fv2%2Fcomments&post=1281"}],"version-history":[{"count":1,"href":"https:\/\/cdlitajai.com.br\/informativo\/index.php?rest_route=\/wp\/v2\/posts\/1281\/revisions"}],"predecessor-version":[{"id":1283,"href":"https:\/\/cdlitajai.com.br\/informativo\/index.php?rest_route=\/wp\/v2\/posts\/1281\/revisions\/1283"}],"wp:featuredmedia":[{"embeddable":true,"href":"https:\/\/cdlitajai.com.br\/informativo\/index.php?rest_route=\/wp\/v2\/media\/1282"}],"wp:attachment":[{"href":"https:\/\/cdlitajai.com.br\/informativo\/index.php?rest_route=%2Fwp%2Fv2%2Fmedia&parent=1281"}],"wp:term":[{"taxonomy":"category","embeddable":true,"href":"https:\/\/cdlitajai.com.br\/informativo\/index.php?rest_route=%2Fwp%2Fv2%2Fcategories&post=1281"},{"taxonomy":"post_tag","embeddable":true,"href":"https:\/\/cdlitajai.com.br\/informativo\/index.php?rest_route=%2Fwp%2Fv2%2Ftags&post=1281"}],"curies":[{"name":"wp","href":"https:\/\/api.w.org\/{rel}","templated":true}]}}