{"id":1271,"date":"2026-07-13T14:14:00","date_gmt":"2026-07-13T17:14:00","guid":{"rendered":"https:\/\/cdlitajai.com.br\/informativo\/?p=1271"},"modified":"2026-07-22T14:16:08","modified_gmt":"2026-07-22T17:16:08","slug":"el-nino-e-previsao-de-eventos-climaticos-extremos-colocam-prevencao-em-pauta-na-camara-condominial-da-cdl-de-itajai-2","status":"publish","type":"post","link":"https:\/\/cdlitajai.com.br\/informativo\/?p=1271","title":{"rendered":"El Ni\u00f1o e previs\u00e3o de eventos clim\u00e1ticos extremos colocam preven\u00e7\u00e3o em pauta na C\u00e2mara Condominial da CDL de Itaja\u00ed"},"content":{"rendered":"\n<p>Os desafios clim\u00e1ticos exigem uma gest\u00e3o condominial cada vez mais preparada.<\/p>\n\n\n\n<p>No dia 29 de julho, a C\u00e2mara Empresarial Condominial da CDL de Itaja\u00ed promove o painel &#8220;El Ni\u00f1o e a Gest\u00e3o Condominial&#8221;, reunindo um time de especialistas para debater os impactos dos eventos clim\u00e1ticos e as estrat\u00e9gias para uma gest\u00e3o mais segura e eficiente.<\/p>\n\n\n\n<p>O painel contar\u00e1 com a participa\u00e7\u00e3o de autoridades municipais, do S\u00edndico Profissional S\u00e9rgio Cestari e de um representante do Grupo Fedcorp, que vir\u00e1 de S\u00e3o Paulo especialmente para compartilhar sua expertise sobre seguros. Garanta j\u00e1 a sua participa\u00e7\u00e3o. Vagas limitadas<\/p>\n","protected":false},"excerpt":{"rendered":"<div class=\"mh-excerpt\"><p>Os desafios clim\u00e1ticos exigem uma gest\u00e3o condominial cada vez mais preparada. No dia 29 de julho, a C\u00e2mara Empresarial Condominial da CDL de Itaja\u00ed promove o painel &#8220;El Ni\u00f1o e a Gest\u00e3o Condominial&#8221;, reunindo um time de especialistas para debater os impactos dos eventos clim\u00e1ticos e as estrat\u00e9gias para uma gest\u00e3o mais segura e eficiente. O painel contar\u00e1 com a <a class=\"mh-excerpt-more\" href=\"https:\/\/cdlitajai.com.br\/informativo\/?p=1271\" title=\"El Ni\u00f1o e previs\u00e3o de eventos clim\u00e1ticos extremos colocam preven\u00e7\u00e3o em pauta na C\u00e2mara Condominial da CDL de Itaja\u00ed\">[&#8230;]<\/a><\/p>\n<\/div>","protected":false},"author":3,"featured_media":1272,"comment_status":"open","ping_status":"open","sticky":false,"template":"","format":"standard","meta":[],"categories":[11],"tags":[],"_links":{"self":[{"href":"https:\/\/cdlitajai.com.br\/informativo\/index.php?rest_route=\/wp\/v2\/posts\/1271"}],"collection":[{"href":"https:\/\/cdlitajai.com.br\/informativo\/index.php?rest_route=\/wp\/v2\/posts"}],"about":[{"href":"https:\/\/cdlitajai.com.br\/informativo\/index.php?rest_route=\/wp\/v2\/types\/post"}],"author":[{"embeddable":true,"href":"https:\/\/cdlitajai.com.br\/informativo\/index.php?rest_route=\/wp\/v2\/users\/3"}],"replies":[{"embeddable":true,"href":"https:\/\/cdlitajai.com.br\/informativo\/index.php?rest_route=%2Fwp%2Fv2%2Fcomments&post=1271"}],"version-history":[{"count":1,"href":"https:\/\/cdlitajai.com.br\/informativo\/index.php?rest_route=\/wp\/v2\/posts\/1271\/revisions"}],"predecessor-version":[{"id":1273,"href":"https:\/\/cdlitajai.com.br\/informativo\/index.php?rest_route=\/wp\/v2\/posts\/1271\/revisions\/1273"}],"wp:featuredmedia":[{"embeddable":true,"href":"https:\/\/cdlitajai.com.br\/informativo\/index.php?rest_route=\/wp\/v2\/media\/1272"}],"wp:attachment":[{"href":"https:\/\/cdlitajai.com.br\/informativo\/index.php?rest_route=%2Fwp%2Fv2%2Fmedia&parent=1271"}],"wp:term":[{"taxonomy":"category","embeddable":true,"href":"https:\/\/cdlitajai.com.br\/informativo\/index.php?rest_route=%2Fwp%2Fv2%2Fcategories&post=1271"},{"taxonomy":"post_tag","embeddable":true,"href":"https:\/\/cdlitajai.com.br\/informativo\/index.php?rest_route=%2Fwp%2Fv2%2Ftags&post=1271"}],"curies":[{"name":"wp","href":"https:\/\/api.w.org\/{rel}","templated":true}]}}