{"id":1268,"date":"2026-07-23T08:59:00","date_gmt":"2026-07-23T11:59:00","guid":{"rendered":"https:\/\/cdlitajai.com.br\/informativo\/?p=1268"},"modified":"2026-07-22T14:02:41","modified_gmt":"2026-07-22T17:02:41","slug":"el-nino-e-previsao-de-eventos-climaticos-extremos-colocam-prevencao-em-pauta-na-camara-condominial-da-cdl-de-itajai","status":"publish","type":"post","link":"https:\/\/cdlitajai.com.br\/informativo\/?p=1268","title":{"rendered":"El Ni\u00f1o e previs\u00e3o de eventos clim\u00e1ticos extremos colocam preven\u00e7\u00e3o em pauta na C\u00e2mara Condominial da CDL de Itaja\u00ed"},"content":{"rendered":"\n<p>A possibilidade de ocorr\u00eancia de eventos clim\u00e1ticos extremos em Santa Catarina, em meio \u00e0s previs\u00f5es relacionadas \u00e0 atua\u00e7\u00e3o de um <strong>El Ni\u00f1o<\/strong> de forte intensidade, ser\u00e1 tema de um encontro voltado para s\u00edndicos, administradores e gestores condominiais em Itaja\u00ed. A iniciativa \u00e9 promovida pela C\u00e2mara Empresarial Condominial da CDL de Itaja\u00ed e ser\u00e1 realizada na noite de 29 de julho, na sede da entidade.<br>O evento reunir\u00e1 especialistas do mercado condominial, da Defesa Civil e da Secretaria de Obras de Itaja\u00ed para debater medidas que podem ser adotadas pelos condom\u00ednios antes da ocorr\u00eancia de alagamentos, enxurradas e outros impactos provocados pelo excesso de chuva.<\/p>\n\n\n\n<p><br>A participa\u00e7\u00e3o de representantes de diferentes \u00e1reas busca aproximar o setor condominial dos \u00f3rg\u00e3os p\u00fablicos e dos profissionais que atuam diretamente na preven\u00e7\u00e3o, no atendimento e na recupera\u00e7\u00e3o de ocorr\u00eancias relacionadas aos eventos clim\u00e1ticos. A proposta \u00e9 oferecer informa\u00e7\u00f5es pr\u00e1ticas para que os condom\u00ednios possam reduzir riscos, preservar o patrim\u00f4nio e proteger moradores, funcion\u00e1rios e prestadores de servi\u00e7o.<\/p>\n\n\n\n<p><br>Mais do que tratar das provid\u00eancias necess\u00e1rias durante uma emerg\u00eancia, o encontro pretende estimular uma cultura de planejamento e preven\u00e7\u00e3o permanente. A avalia\u00e7\u00e3o antecipada das estruturas, a defini\u00e7\u00e3o de responsabilidades e a cria\u00e7\u00e3o de canais de comunica\u00e7\u00e3o podem contribuir para respostas mais r\u00e1pidas e organizadas diante de eventos clim\u00e1ticos extremos.<\/p>\n\n\n\n<p><strong><em>Evento: El Ni\u00f1o e a Gest\u00e3o Condominial | Preven\u00e7\u00e3o e Boas Pr\u00e1ticas<br>Data: 29 de julho \u00e0s 19h30<\/em><\/strong><\/p>\n\n\n\n<p>Foto: Defesa Civil<\/p>\n","protected":false},"excerpt":{"rendered":"<div class=\"mh-excerpt\"><p>A possibilidade de ocorr\u00eancia de eventos clim\u00e1ticos extremos em Santa Catarina, em meio \u00e0s previs\u00f5es relacionadas \u00e0 atua\u00e7\u00e3o de um El Ni\u00f1o de forte intensidade, ser\u00e1 tema de um encontro voltado para s\u00edndicos, administradores e gestores condominiais em Itaja\u00ed. A iniciativa \u00e9 promovida pela C\u00e2mara Empresarial Condominial da CDL de Itaja\u00ed e ser\u00e1 realizada na noite de 29 de julho, <a class=\"mh-excerpt-more\" href=\"https:\/\/cdlitajai.com.br\/informativo\/?p=1268\" title=\"El Ni\u00f1o e previs\u00e3o de eventos clim\u00e1ticos extremos colocam preven\u00e7\u00e3o em pauta na C\u00e2mara Condominial da CDL de Itaja\u00ed\">[&#8230;]<\/a><\/p>\n<\/div>","protected":false},"author":3,"featured_media":1269,"comment_status":"open","ping_status":"open","sticky":false,"template":"","format":"standard","meta":[],"categories":[1],"tags":[],"_links":{"self":[{"href":"https:\/\/cdlitajai.com.br\/informativo\/index.php?rest_route=\/wp\/v2\/posts\/1268"}],"collection":[{"href":"https:\/\/cdlitajai.com.br\/informativo\/index.php?rest_route=\/wp\/v2\/posts"}],"about":[{"href":"https:\/\/cdlitajai.com.br\/informativo\/index.php?rest_route=\/wp\/v2\/types\/post"}],"author":[{"embeddable":true,"href":"https:\/\/cdlitajai.com.br\/informativo\/index.php?rest_route=\/wp\/v2\/users\/3"}],"replies":[{"embeddable":true,"href":"https:\/\/cdlitajai.com.br\/informativo\/index.php?rest_route=%2Fwp%2Fv2%2Fcomments&post=1268"}],"version-history":[{"count":1,"href":"https:\/\/cdlitajai.com.br\/informativo\/index.php?rest_route=\/wp\/v2\/posts\/1268\/revisions"}],"predecessor-version":[{"id":1270,"href":"https:\/\/cdlitajai.com.br\/informativo\/index.php?rest_route=\/wp\/v2\/posts\/1268\/revisions\/1270"}],"wp:featuredmedia":[{"embeddable":true,"href":"https:\/\/cdlitajai.com.br\/informativo\/index.php?rest_route=\/wp\/v2\/media\/1269"}],"wp:attachment":[{"href":"https:\/\/cdlitajai.com.br\/informativo\/index.php?rest_route=%2Fwp%2Fv2%2Fmedia&parent=1268"}],"wp:term":[{"taxonomy":"category","embeddable":true,"href":"https:\/\/cdlitajai.com.br\/informativo\/index.php?rest_route=%2Fwp%2Fv2%2Fcategories&post=1268"},{"taxonomy":"post_tag","embeddable":true,"href":"https:\/\/cdlitajai.com.br\/informativo\/index.php?rest_route=%2Fwp%2Fv2%2Ftags&post=1268"}],"curies":[{"name":"wp","href":"https:\/\/api.w.org\/{rel}","templated":true}]}}