{"id":1265,"date":"2026-07-22T12:38:30","date_gmt":"2026-07-22T15:38:30","guid":{"rendered":"https:\/\/cdlitajai.com.br\/informativo\/?p=1265"},"modified":"2026-07-22T12:38:30","modified_gmt":"2026-07-22T15:38:30","slug":"uma-historia-construida-em-cooperacao-cdl-de-itajai-celebra-60-anos","status":"publish","type":"post","link":"https:\/\/cdlitajai.com.br\/informativo\/?p=1265","title":{"rendered":"Uma hist\u00f3ria constru\u00edda em coopera\u00e7\u00e3o: CDL de Itaja\u00ed celebra 60 anos"},"content":{"rendered":"\n<p>Em uma cidade que cresce, se transforma e fortalece sua economia, o desenvolvimento tamb\u00e9m depende da capacidade de unir pessoas, compartilhar experi\u00eancias e construir solu\u00e7\u00f5es em conjunto. Esse \u00e9 o prop\u00f3sito do associativismo: mostrar que os desafios podem ser superados com mais for\u00e7a quando h\u00e1 coopera\u00e7\u00e3o, di\u00e1logo e trabalho coletivo.<\/p>\n\n\n\n<p>\u00c9 com esse compromisso que a <strong>CDL de Itaja\u00ed <\/strong>construiu sua trajet\u00f3ria. No dia 21 de julho, a entidade celebrou 60 anos de hist\u00f3ria. A comemora\u00e7\u00e3o marcou o in\u00edcio do calend\u00e1rio de anivers\u00e1rio e refor\u00e7ou um compromisso que atravessa seis d\u00e9cadas ao lado dos empres\u00e1rios, empreendedores e de toda a comunidade.<\/p>\n\n\n\n<p>A <strong>CDL de Itaja<\/strong>\u00ed nasceu para apoiar os empres\u00e1rios do com\u00e9rcio varejista, em um per\u00edodo em que o setor ganhava cada vez mais import\u00e2ncia para a economia local. Com o crescimento da cidade e a expans\u00e3o das atividades econ\u00f4micas, a entidade tamb\u00e9m evoluiu e ampliou sua atua\u00e7\u00e3o.<\/p>\n\n\n\n<p>Sem perder sua ess\u00eancia, a <strong>CDL de Itaja\u00ed<\/strong> tornou-se um espa\u00e7o de relacionamento, representa\u00e7\u00e3o, conhecimento e coopera\u00e7\u00e3o. Hoje, al\u00e9m do com\u00e9rcio, re\u00fane empres\u00e1rios, profissionais da presta\u00e7\u00e3o de servi\u00e7os e representantes de diversos segmentos que ajudam a movimentar a economia de Itaja\u00ed.<\/p>\n\n\n\n<p>Essa evolu\u00e7\u00e3o tamb\u00e9m aparece no fortalecimento das c\u00e2maras empresariais. Elas aproximam empres\u00e1rios e profissionais que compartilham desafios, interesses e oportunidades. S\u00e3o ambientes que incentivam a troca de experi\u00eancias, a cria\u00e7\u00e3o de solu\u00e7\u00f5es, a gera\u00e7\u00e3o de conex\u00f5es e o desenvolvimento de iniciativas que fortalecem n\u00e3o apenas os associados, mas todo o ambiente de neg\u00f3cios.<\/p>\n\n\n\n<p>Outro destaque \u00e9 o processo de renova\u00e7\u00e3o vivido pela entidade. A participa\u00e7\u00e3o das mulheres e dos jovens cresce a cada ano, trazendo novas ideias, experi\u00eancias e diferentes formas de pensar o associativismo. Essa diversidade fortalece a CDL de Itaja\u00ed e a mant\u00e9m conectada \u00e0s mudan\u00e7as do mercado, \u00e0s novas formas de empreender e \u00e0s diferentes gera\u00e7\u00f5es que constroem o futuro da cidade.<\/p>\n\n\n\n<p>Celebrar 60 anos \u00e9 reconhecer todos que fizeram parte dessa trajet\u00f3ria. \u00c9 valorizar as conquistas alcan\u00e7adas e reafirmar a import\u00e2ncia de estar ao lado de quem impulsiona a economia. \u00c9 entender que uma entidade permanece forte quando sabe ouvir, representar, conectar pessoas e gerar valor para a comunidade, destaca o presidente da entidade, Laerson Batista da Costa<\/p>\n\n\n\n<p>Por isso, a sustentabilidade da<strong> CDL de Itaja\u00ed<\/strong> est\u00e1 ligada \u00e0 sua capacidade de evoluir e permanecer relevante. Mais do que garantir sua continuidade, ser uma entidade sustent\u00e1vel significa fortalecer sua representatividade, ampliar a participa\u00e7\u00e3o dos associados, incentivar a coopera\u00e7\u00e3o e responder aos desafios de cada nova etapa.<\/p>\n\n\n\n<p>Os 60 anos representam mais um marco nessa caminhada. A CDL de Itaja\u00ed chega a esse momento grata por sua hist\u00f3ria, atua\u00e7\u00e3o no presente e compromisso com o futuro. Mant\u00e9m viva sua ess\u00eancia associativista e segue trabalhando para estar cada vez mais pr\u00f3xima, participativa e conectada \u00e0 realidade empresarial.<\/p>\n","protected":false},"excerpt":{"rendered":"<div class=\"mh-excerpt\"><p>Em uma cidade que cresce, se transforma e fortalece sua economia, o desenvolvimento tamb\u00e9m depende da capacidade de unir pessoas, compartilhar experi\u00eancias e construir solu\u00e7\u00f5es em conjunto. Esse \u00e9 o prop\u00f3sito do associativismo: mostrar que os desafios podem ser superados com mais for\u00e7a quando h\u00e1 coopera\u00e7\u00e3o, di\u00e1logo e trabalho coletivo. \u00c9 com esse compromisso que a CDL de Itaja\u00ed construiu <a class=\"mh-excerpt-more\" href=\"https:\/\/cdlitajai.com.br\/informativo\/?p=1265\" title=\"Uma hist\u00f3ria constru\u00edda em coopera\u00e7\u00e3o: CDL de Itaja\u00ed celebra 60 anos\">[&#8230;]<\/a><\/p>\n<\/div>","protected":false},"author":3,"featured_media":1266,"comment_status":"open","ping_status":"open","sticky":false,"template":"","format":"standard","meta":[],"categories":[1],"tags":[],"_links":{"self":[{"href":"https:\/\/cdlitajai.com.br\/informativo\/index.php?rest_route=\/wp\/v2\/posts\/1265"}],"collection":[{"href":"https:\/\/cdlitajai.com.br\/informativo\/index.php?rest_route=\/wp\/v2\/posts"}],"about":[{"href":"https:\/\/cdlitajai.com.br\/informativo\/index.php?rest_route=\/wp\/v2\/types\/post"}],"author":[{"embeddable":true,"href":"https:\/\/cdlitajai.com.br\/informativo\/index.php?rest_route=\/wp\/v2\/users\/3"}],"replies":[{"embeddable":true,"href":"https:\/\/cdlitajai.com.br\/informativo\/index.php?rest_route=%2Fwp%2Fv2%2Fcomments&post=1265"}],"version-history":[{"count":1,"href":"https:\/\/cdlitajai.com.br\/informativo\/index.php?rest_route=\/wp\/v2\/posts\/1265\/revisions"}],"predecessor-version":[{"id":1267,"href":"https:\/\/cdlitajai.com.br\/informativo\/index.php?rest_route=\/wp\/v2\/posts\/1265\/revisions\/1267"}],"wp:featuredmedia":[{"embeddable":true,"href":"https:\/\/cdlitajai.com.br\/informativo\/index.php?rest_route=\/wp\/v2\/media\/1266"}],"wp:attachment":[{"href":"https:\/\/cdlitajai.com.br\/informativo\/index.php?rest_route=%2Fwp%2Fv2%2Fmedia&parent=1265"}],"wp:term":[{"taxonomy":"category","embeddable":true,"href":"https:\/\/cdlitajai.com.br\/informativo\/index.php?rest_route=%2Fwp%2Fv2%2Fcategories&post=1265"},{"taxonomy":"post_tag","embeddable":true,"href":"https:\/\/cdlitajai.com.br\/informativo\/index.php?rest_route=%2Fwp%2Fv2%2Ftags&post=1265"}],"curies":[{"name":"wp","href":"https:\/\/api.w.org\/{rel}","templated":true}]}}