{"id":1254,"date":"2026-06-15T14:44:00","date_gmt":"2026-06-15T17:44:00","guid":{"rendered":"https:\/\/cdlitajai.com.br\/informativo\/?p=1254"},"modified":"2026-06-15T14:44:00","modified_gmt":"2026-06-15T17:44:00","slug":"cdl-de-itajai-sedia-encontro-sobre-protecao-a-mulher-e-prevencao-ao-assedio-em-condominios","status":"publish","type":"post","link":"https:\/\/cdlitajai.com.br\/informativo\/?p=1254","title":{"rendered":"CDL de Itaja\u00ed sedia encontro sobre prote\u00e7\u00e3o \u00e0 mulher e preven\u00e7\u00e3o ao ass\u00e9dio em condom\u00ednios"},"content":{"rendered":"\n<p>A\u00a0<strong>CDL de Itaja\u00ed<\/strong>, por meio da\u00a0<strong>C\u00e2mara Empresarial Condominial<\/strong>, ser\u00e1 sede do evento\u00a0<strong>\u201cCondom\u00ednios, Prote\u00e7\u00e3o \u00e0 Mulher e Preven\u00e7\u00e3o ao Ass\u00e9dio\u201d<\/strong>, no dia\u00a0<strong>25 de junho<\/strong>, a partir das\u00a0<strong>08h30<\/strong>, no\u00a0<strong>Audit\u00f3rio da CDL Itaja\u00ed<\/strong>. A proposta \u00e9 aproximar\u00a0<strong>s\u00edndicos, administradoras, corretores de im\u00f3veis, lideran\u00e7as empresariais e a comunidade<\/strong>\u00a0das institui\u00e7\u00f5es que atuam na\u00a0<strong>prote\u00e7\u00e3o e no enfrentamento da viol\u00eancia contra a mulher<\/strong>, com foco em preven\u00e7\u00e3o e encaminhamento no ambiente condominial.<\/p>\n\n\n\n<p>O encontro \u00e9 realizado pelo&nbsp;<strong>S\u00edndicos Planning<\/strong>, em parceria com a&nbsp;<strong>C\u00e2mara Empresarial Condominial da CDL Itaja\u00ed<\/strong>, com o&nbsp;<strong>CRECI-SC<\/strong>&nbsp;como correalizador institucional, al\u00e9m do apoio de entidades que integram a rede de prote\u00e7\u00e3o e atendimento.<\/p>\n\n\n\n<p>A programa\u00e7\u00e3o busca fortalecer um debate pr\u00e1tico e qualificado sobre\u00a0<strong>preven\u00e7\u00e3o, acolhimento, orienta\u00e7\u00e3o e encaminhamento<\/strong>\u00a0de situa\u00e7\u00f5es de\u00a0<strong>viol\u00eancia contra a mulher<\/strong>,\u00a0<strong>ass\u00e9dio moral<\/strong>\u00a0e\u00a0<strong>ass\u00e9dio sexual<\/strong>\u00a0dentro do contexto dos condom\u00ednios, promovendo integra\u00e7\u00e3o entre quem administra os espa\u00e7os de conviv\u00eancia coletiva e quem atua diretamente no atendimento e na prote\u00e7\u00e3o \u00e0s v\u00edtimas.<\/p>\n\n\n\n<p>Segundo dados do relat\u00f3rio&nbsp;<strong>\u201cA Viol\u00eancia Contra a Mulher em Santa Catarina 2020\u20132025\u201d<\/strong>, o estado registrou&nbsp;<strong>mais de 436 mil ocorr\u00eancias de viol\u00eancia dom\u00e9stica e familiar contra mulheres<\/strong>&nbsp;nos \u00faltimos cinco anos, refor\u00e7ando a necessidade de conscientiza\u00e7\u00e3o e de atua\u00e7\u00e3o preventiva tamb\u00e9m em ambientes como os condom\u00ednios.<\/p>\n\n\n\n<p>O evento integra um movimento iniciado em Blumenau a partir da constru\u00e7\u00e3o da cartilha\u00a0<strong>\u201cViol\u00eancia contra a Mulher, Ass\u00e9dio Moral e Sexual nos Condom\u00ednios\u201d<\/strong>, desenvolvida pelo\u00a0<strong>S\u00edndicos Planning<\/strong>, pelo\u00a0<strong>N\u00facleo Condominial da AMPE Blumenau<\/strong>\u00a0e pelo\u00a0<strong>CRECI-SC<\/strong>, com o objetivo de oferecer informa\u00e7\u00e3o e orienta\u00e7\u00e3o pr\u00e1tica para s\u00edndicos, administradoras, moradores e profissionais do setor condominial. A iniciativa j\u00e1 passou por outras cidades catarinenses e chega agora a Itaja\u00ed, ampliando o di\u00e1logo com a comunidade e fortalecendo redes locais de prote\u00e7\u00e3o.<\/p>\n\n\n\n<h3 class=\"wp-block-heading\" id=\"painelistasconfirmados\">Painelistas confirmados<\/h3>\n\n\n\n<ul>\n<li><strong>Luis Pardal<\/strong>&nbsp;\u2013 CEO da Inspiracom e idealizador do S\u00edndicos Planning<\/li>\n\n\n\n<li><strong>Ana Wiener<\/strong>&nbsp;\u2013 CRECI-SC<\/li>\n\n\n\n<li><strong>M\u00e1rcio Panno<\/strong>&nbsp;\u2013 Coordenador da C\u00e2mara Empresarial Condominial da CDL Itaja\u00ed<\/li>\n\n\n\n<li><strong>On\u00e9zio Gon\u00e7alves Filho<\/strong>&nbsp;\u2013 Diretor da Vigil\u00e2ncia Epidemiol\u00f3gica e representante da RAIPSV \u2013 Secretaria Municipal de Sa\u00fade de Itaja\u00ed<\/li>\n\n\n\n<li><strong>Soldado Virna<\/strong>&nbsp;\u2013 integrante da Rede Catarina<\/li>\n\n\n\n<li><strong>Soldado Helena<\/strong>&nbsp;\u2013 integrante da Rede Catarina<\/li>\n<\/ul>\n\n\n\n<p>Durante o encontro, tamb\u00e9m ser\u00e1 realizada a&nbsp;<strong>distribui\u00e7\u00e3o gratuita<\/strong>&nbsp;da cartilha&nbsp;<strong>\u201cViol\u00eancia contra a Mulher, Ass\u00e9dio Moral e Sexual nos Condom\u00ednios\u201d<\/strong>.<\/p>\n","protected":false},"excerpt":{"rendered":"<div class=\"mh-excerpt\"><p>A\u00a0CDL de Itaja\u00ed, por meio da\u00a0C\u00e2mara Empresarial Condominial, ser\u00e1 sede do evento\u00a0\u201cCondom\u00ednios, Prote\u00e7\u00e3o \u00e0 Mulher e Preven\u00e7\u00e3o ao Ass\u00e9dio\u201d, no dia\u00a025 de junho, a partir das\u00a008h30, no\u00a0Audit\u00f3rio da CDL Itaja\u00ed. A proposta \u00e9 aproximar\u00a0s\u00edndicos, administradoras, corretores de im\u00f3veis, lideran\u00e7as empresariais e a comunidade\u00a0das institui\u00e7\u00f5es que atuam na\u00a0prote\u00e7\u00e3o e no enfrentamento da viol\u00eancia contra a mulher, com foco em preven\u00e7\u00e3o e <a class=\"mh-excerpt-more\" href=\"https:\/\/cdlitajai.com.br\/informativo\/?p=1254\" title=\"CDL de Itaja\u00ed sedia encontro sobre prote\u00e7\u00e3o \u00e0 mulher e preven\u00e7\u00e3o ao ass\u00e9dio em condom\u00ednios\">[&#8230;]<\/a><\/p>\n<\/div>","protected":false},"author":3,"featured_media":1255,"comment_status":"open","ping_status":"open","sticky":false,"template":"","format":"standard","meta":[],"categories":[1],"tags":[],"_links":{"self":[{"href":"https:\/\/cdlitajai.com.br\/informativo\/index.php?rest_route=\/wp\/v2\/posts\/1254"}],"collection":[{"href":"https:\/\/cdlitajai.com.br\/informativo\/index.php?rest_route=\/wp\/v2\/posts"}],"about":[{"href":"https:\/\/cdlitajai.com.br\/informativo\/index.php?rest_route=\/wp\/v2\/types\/post"}],"author":[{"embeddable":true,"href":"https:\/\/cdlitajai.com.br\/informativo\/index.php?rest_route=\/wp\/v2\/users\/3"}],"replies":[{"embeddable":true,"href":"https:\/\/cdlitajai.com.br\/informativo\/index.php?rest_route=%2Fwp%2Fv2%2Fcomments&post=1254"}],"version-history":[{"count":1,"href":"https:\/\/cdlitajai.com.br\/informativo\/index.php?rest_route=\/wp\/v2\/posts\/1254\/revisions"}],"predecessor-version":[{"id":1256,"href":"https:\/\/cdlitajai.com.br\/informativo\/index.php?rest_route=\/wp\/v2\/posts\/1254\/revisions\/1256"}],"wp:featuredmedia":[{"embeddable":true,"href":"https:\/\/cdlitajai.com.br\/informativo\/index.php?rest_route=\/wp\/v2\/media\/1255"}],"wp:attachment":[{"href":"https:\/\/cdlitajai.com.br\/informativo\/index.php?rest_route=%2Fwp%2Fv2%2Fmedia&parent=1254"}],"wp:term":[{"taxonomy":"category","embeddable":true,"href":"https:\/\/cdlitajai.com.br\/informativo\/index.php?rest_route=%2Fwp%2Fv2%2Fcategories&post=1254"},{"taxonomy":"post_tag","embeddable":true,"href":"https:\/\/cdlitajai.com.br\/informativo\/index.php?rest_route=%2Fwp%2Fv2%2Ftags&post=1254"}],"curies":[{"name":"wp","href":"https:\/\/api.w.org\/{rel}","templated":true}]}}