{"id":1251,"date":"2026-06-10T14:32:26","date_gmt":"2026-06-10T17:32:26","guid":{"rendered":"https:\/\/cdlitajai.com.br\/informativo\/?p=1251"},"modified":"2026-06-15T14:34:44","modified_gmt":"2026-06-15T17:34:44","slug":"trilha-da-saude-da-cdl-de-itajai-mostra-caminhos-para-profissionais-que-querem-empreender","status":"publish","type":"post","link":"https:\/\/cdlitajai.com.br\/informativo\/?p=1251","title":{"rendered":"Trilha da sa\u00fade da CDL de Itaja\u00ed mostra caminhos para profissionais que querem empreender"},"content":{"rendered":"\n<p>Abrir um consult\u00f3rio ou cl\u00ednica tem sido o caminho de muitos profissionais da sa\u00fade que buscam autonomia e melhores resultados financeiros. Mas, na pr\u00e1tica, boa parte desses neg\u00f3cios nasce sem planejamento, sem estudo de mercado e, principalmente, sem apoio cont\u00e1bil e tribut\u00e1rio adequado, uma combina\u00e7\u00e3o que aumenta o risco de erro na precifica\u00e7\u00e3o, perda de benef\u00edcios fiscais e dificuldade para manter o neg\u00f3cio saud\u00e1vel e sustent\u00e1vel.<\/p>\n\n\n\n<p>Atenta a esse cen\u00e1rio, a C\u00e2mara da Sa\u00fade da CDL de Itaja\u00ed lan\u00e7a uma trilha de conte\u00fados voltada a quem empreende ou deseja empreender na \u00e1rea da sa\u00fade. Logo na abertura, o foco estar\u00e1 nas dificuldades reais enfrentadas por m\u00e9dicos, dentistas, psic\u00f3logos, fisioterapeutas e demais profissionais que, al\u00e9m de atender pacientes, precisam lidar com reforma tribut\u00e1ria, fluxo de caixa e novas regras de recolhimento de impostos.<\/p>\n\n\n\n<p>A palestra de abertura, ser\u00e1 ministrada pela profissional Thais Fontes Schramm Behrendt da empresa Bel Contabilidade que vai destacar os principais pontos de aten\u00e7\u00e3o da reforma tribut\u00e1ria para o setor, mostrando o que pode mudar na rotina dos consult\u00f3rios e como decis\u00f5es tomadas agora podem impactar diretamente a sobreviv\u00eancia dos neg\u00f3cios nos pr\u00f3ximos anos. A programa\u00e7\u00e3o conta ainda com orienta\u00e7\u00f5es sobre o chamado fator R, benef\u00edcio que reduz a carga tribut\u00e1ria para determinados profissionais, mas que pode sofrer ajustes, exigindo monitoramento constante e orienta\u00e7\u00e3o t\u00e9cnica.<\/p>\n\n\n\n<p>Outro eixo do encontro ser\u00e1 a gest\u00e3o financeira: fluxo de caixa, controle de entradas e sa\u00eddas e o impacto do modelo de Split Payment, formato previsto na reforma tribut\u00e1ria para o recolhimento de impostos, com efeito direto na disponibilidade de recursos no dia a dia das empresas. A proposta \u00e9 mostrar que desconhecer essas regras n\u00e3o \u00e9 apenas um detalhe burocr\u00e1tico, mas um fator que pode comprometer investimentos, atendimento e a pr\u00f3pria continuidade do neg\u00f3cio.<\/p>\n\n\n\n<p>O conte\u00fado tamb\u00e9m abordar\u00e1 a import\u00e2ncia de planejar antes de abrir a empresa, com olhar para pesquisa de mercado, demanda e posicionamento comercial. A C\u00e2mara da Sa\u00fade pretende chamar a aten\u00e7\u00e3o para o fato de que conhecimento t\u00e9cnico em sa\u00fade n\u00e3o basta: sem apoio cont\u00e1bil, tribut\u00e1rio e consultivo, muitos empreendedores acabam pagando mais impostos do que deveriam, deixando de aproveitar benef\u00edcios ou se perdendo em meio a obriga\u00e7\u00f5es que poderiam ser organizadas de forma mais estrat\u00e9gica.<\/p>\n\n\n\n<p>O evento \u00e9 aberto aos profissionais da \u00e1rea da sa\u00fade e ser\u00e1 realizado no audit\u00f3rio da CDL de Itaja\u00ed, no dia 16 de junho \u00e0s 19h. <\/p>\n","protected":false},"excerpt":{"rendered":"<div class=\"mh-excerpt\"><p>Abrir um consult\u00f3rio ou cl\u00ednica tem sido o caminho de muitos profissionais da sa\u00fade que buscam autonomia e melhores resultados financeiros. Mas, na pr\u00e1tica, boa parte desses neg\u00f3cios nasce sem planejamento, sem estudo de mercado e, principalmente, sem apoio cont\u00e1bil e tribut\u00e1rio adequado, uma combina\u00e7\u00e3o que aumenta o risco de erro na precifica\u00e7\u00e3o, perda de benef\u00edcios fiscais e dificuldade para <a class=\"mh-excerpt-more\" href=\"https:\/\/cdlitajai.com.br\/informativo\/?p=1251\" title=\"Trilha da sa\u00fade da CDL de Itaja\u00ed mostra caminhos para profissionais que querem empreender\">[&#8230;]<\/a><\/p>\n<\/div>","protected":false},"author":3,"featured_media":1252,"comment_status":"open","ping_status":"open","sticky":false,"template":"","format":"standard","meta":[],"categories":[1],"tags":[],"_links":{"self":[{"href":"https:\/\/cdlitajai.com.br\/informativo\/index.php?rest_route=\/wp\/v2\/posts\/1251"}],"collection":[{"href":"https:\/\/cdlitajai.com.br\/informativo\/index.php?rest_route=\/wp\/v2\/posts"}],"about":[{"href":"https:\/\/cdlitajai.com.br\/informativo\/index.php?rest_route=\/wp\/v2\/types\/post"}],"author":[{"embeddable":true,"href":"https:\/\/cdlitajai.com.br\/informativo\/index.php?rest_route=\/wp\/v2\/users\/3"}],"replies":[{"embeddable":true,"href":"https:\/\/cdlitajai.com.br\/informativo\/index.php?rest_route=%2Fwp%2Fv2%2Fcomments&post=1251"}],"version-history":[{"count":1,"href":"https:\/\/cdlitajai.com.br\/informativo\/index.php?rest_route=\/wp\/v2\/posts\/1251\/revisions"}],"predecessor-version":[{"id":1253,"href":"https:\/\/cdlitajai.com.br\/informativo\/index.php?rest_route=\/wp\/v2\/posts\/1251\/revisions\/1253"}],"wp:featuredmedia":[{"embeddable":true,"href":"https:\/\/cdlitajai.com.br\/informativo\/index.php?rest_route=\/wp\/v2\/media\/1252"}],"wp:attachment":[{"href":"https:\/\/cdlitajai.com.br\/informativo\/index.php?rest_route=%2Fwp%2Fv2%2Fmedia&parent=1251"}],"wp:term":[{"taxonomy":"category","embeddable":true,"href":"https:\/\/cdlitajai.com.br\/informativo\/index.php?rest_route=%2Fwp%2Fv2%2Fcategories&post=1251"},{"taxonomy":"post_tag","embeddable":true,"href":"https:\/\/cdlitajai.com.br\/informativo\/index.php?rest_route=%2Fwp%2Fv2%2Ftags&post=1251"}],"curies":[{"name":"wp","href":"https:\/\/api.w.org\/{rel}","templated":true}]}}