{"id":1238,"date":"2026-05-14T15:55:37","date_gmt":"2026-05-14T18:55:37","guid":{"rendered":"https:\/\/cdlitajai.com.br\/informativo\/?p=1238"},"modified":"2026-05-13T15:57:59","modified_gmt":"2026-05-13T18:57:59","slug":"fcdl-sc-estima-que-dli-2026-em-santa-catarina-sera-maior-do-que-edicao-historica-de-2025","status":"publish","type":"post","link":"https:\/\/cdlitajai.com.br\/informativo\/?p=1238","title":{"rendered":"FCDL\/SC estima que DLI 2026 em Santa Catarina ser\u00e1 maior do que edi\u00e7\u00e3o hist\u00f3rica de 2025"},"content":{"rendered":"\n<p>A Federa\u00e7\u00e3o das C\u00e2maras de Dirigentes Lojistas de Santa Catarina (FCDL\/SC) projeta que a edi\u00e7\u00e3o deste ano do Dia Livre de Impostos (DLI) em Santa Catarina ser\u00e1 ainda maior do que a edi\u00e7\u00e3o hist\u00f3rica realizada em 2025, quando o estado liderou nacionalmente o movimento em n\u00famero de cidades, CDLs e empresas participantes. O DLI tem como principal objetivo conscientizar a popula\u00e7\u00e3o sobre a alta carga tribut\u00e1ria paga pelos brasileiros.<\/p>\n\n\n\n<p>Durante a a\u00e7\u00e3o, empresas participantes comercializam produtos e servi\u00e7os sem repassar ao consumidor o valor correspondente aos impostos, assumindo elas pr\u00f3prias os tributos descontados naquele dia.<\/p>\n\n\n\n<p>Em um ranking de 30 pa\u00edses, o Brasil aparece como o 14\u00ba pa\u00eds que mais arrecada impostos, mas ocupa a \u00faltima posi\u00e7\u00e3o quando o assunto \u00e9 retorno desses recursos em benef\u00edcios para a popula\u00e7\u00e3o.<\/p>\n\n\n\n<p>Para 2026 a expectativa da FCDL\/SC \u00e9 ampliar ainda mais o alcance do movimento, envolvendo mais munic\u00edpios, lojistas e consumidores catarinenses em uma mobiliza\u00e7\u00e3o que une conscientiza\u00e7\u00e3o, impacto econ\u00f4mico e engajamento social. Neste ano o DLI ser\u00e1 realizado no dia 28 de maio e as CDLs, com apoio das CDLs Jovem, s\u00e3o as respons\u00e1veis na orienta\u00e7\u00e3o das empresas que desejarem aderir \u00e0 campanha. Vale lembrar que n\u00e3o h\u00e1 custo para participa\u00e7\u00e3o, cabendo apenas ao empres\u00e1rio escolher os produtos e quantidades que queira cadastrar na plataforma de inscri\u00e7\u00f5es da campanha.<\/p>\n\n\n\n<p><strong>\u201cO DLI \u00e9 um movimento de conscientiza\u00e7\u00e3o que busca mostrar, de forma pr\u00e1tica, o peso da carga tribut\u00e1ria sobre o consumo e o impacto direto na vida das pessoas e na competitividade das empresas. Temos orgulho de ver nossas CDLs mobilizadas, engajando empres\u00e1rios, lojistas e a comunidade em uma a\u00e7\u00e3o que une informa\u00e7\u00e3o, participa\u00e7\u00e3o e cidadania\u201d<\/strong>&nbsp;destaca o Presidente da FCDL\/SC, Onildo Dalbosco J\u00fanior.<\/p>\n\n\n\n<p>O DLI tamb\u00e9m \u00e9 uma das principais a\u00e7\u00f5es desenvolvidas pelas CDLs Jovem vinculadas \u00e0s CDLs, liderando a mobiliza\u00e7\u00e3o junto aos lojistas e \u00e0 sociedade em todas as regi\u00f5es do estado.<\/p>\n\n\n\n<p><strong>\u201cEssa campanha refor\u00e7a o papel da CDL Jovem como uma genu\u00edna escola de forma\u00e7\u00e3o de novas lideran\u00e7as empresariais, na defesa do com\u00e9rcio e de todo setor produtivo na constru\u00e7\u00e3o de um ambiente mais justo para quem empreende e gera empregos. Queremos provocar uma reflex\u00e3o sobre o alto impacto dos tributos no Brasil, corroendo o poder de compra da popula\u00e7\u00e3o\u201d&nbsp;<\/strong>ressalta o Coordenador Estadual da CDL Jovem, Marcos Brinhosa.<\/p>\n\n\n\n<p><strong>Santa Catarina liderou o DLI no Brasil em 2025<\/strong><\/p>\n\n\n\n<p>A edi\u00e7\u00e3o de 2025 consolidou Santa Catarina como refer\u00eancia nacional no movimento. Ao todo, participaram:<\/p>\n\n\n\n<ul>\n<li>1.210 empresas participantes.<\/li>\n\n\n\n<li>194 munic\u00edpios participantes da a\u00e7\u00e3o;<\/li>\n<\/ul>\n\n\n\n<p>Grandes marcas tamb\u00e9m integraram o movimento, entre elas Berlanda, Cacau Show, Koerich, S\u00e3o Rafael e Khronos.<\/p>\n\n\n\n<p>O impacto do DLI 2025 ultrapassou R$ 5,6 milh\u00f5es em m\u00eddia espont\u00e2nea, al\u00e9m de ampla divulga\u00e7\u00e3o em emissoras de TV, r\u00e1dio, portais e redes sociais em n\u00edvel estadual e nacional.<\/p>\n\n\n\n<p>A mobiliza\u00e7\u00e3o tamb\u00e9m teve forte presen\u00e7a no poder p\u00fablico, com participa\u00e7\u00e3o destacada em sess\u00e3o da Assembleia Legislativa de Santa Catarina (ALESC) e a realiza\u00e7\u00e3o de 13 sess\u00f5es em C\u00e2maras de Vereadores de diferentes regi\u00f5es do estado.<\/p>\n\n\n\n<p>Com o crescimento cont\u00ednuo do movimento, a FCDL\/SC refor\u00e7a que o DLI segue como uma importante ferramenta de conscientiza\u00e7\u00e3o da sociedade sobre os impactos da carga tribut\u00e1ria brasileira no consumo, no empreendedorismo e na economia.<\/p>\n","protected":false},"excerpt":{"rendered":"<div class=\"mh-excerpt\"><p>A Federa\u00e7\u00e3o das C\u00e2maras de Dirigentes Lojistas de Santa Catarina (FCDL\/SC) projeta que a edi\u00e7\u00e3o deste ano do Dia Livre de Impostos (DLI) em Santa Catarina ser\u00e1 ainda maior do que a edi\u00e7\u00e3o hist\u00f3rica realizada em 2025, quando o estado liderou nacionalmente o movimento em n\u00famero de cidades, CDLs e empresas participantes. O DLI tem como principal objetivo conscientizar a <a class=\"mh-excerpt-more\" href=\"https:\/\/cdlitajai.com.br\/informativo\/?p=1238\" title=\"FCDL\/SC estima que DLI 2026 em Santa Catarina ser\u00e1 maior do que edi\u00e7\u00e3o hist\u00f3rica de 2025\">[&#8230;]<\/a><\/p>\n<\/div>","protected":false},"author":3,"featured_media":1240,"comment_status":"open","ping_status":"open","sticky":false,"template":"","format":"standard","meta":[],"categories":[1],"tags":[],"_links":{"self":[{"href":"https:\/\/cdlitajai.com.br\/informativo\/index.php?rest_route=\/wp\/v2\/posts\/1238"}],"collection":[{"href":"https:\/\/cdlitajai.com.br\/informativo\/index.php?rest_route=\/wp\/v2\/posts"}],"about":[{"href":"https:\/\/cdlitajai.com.br\/informativo\/index.php?rest_route=\/wp\/v2\/types\/post"}],"author":[{"embeddable":true,"href":"https:\/\/cdlitajai.com.br\/informativo\/index.php?rest_route=\/wp\/v2\/users\/3"}],"replies":[{"embeddable":true,"href":"https:\/\/cdlitajai.com.br\/informativo\/index.php?rest_route=%2Fwp%2Fv2%2Fcomments&post=1238"}],"version-history":[{"count":1,"href":"https:\/\/cdlitajai.com.br\/informativo\/index.php?rest_route=\/wp\/v2\/posts\/1238\/revisions"}],"predecessor-version":[{"id":1241,"href":"https:\/\/cdlitajai.com.br\/informativo\/index.php?rest_route=\/wp\/v2\/posts\/1238\/revisions\/1241"}],"wp:featuredmedia":[{"embeddable":true,"href":"https:\/\/cdlitajai.com.br\/informativo\/index.php?rest_route=\/wp\/v2\/media\/1240"}],"wp:attachment":[{"href":"https:\/\/cdlitajai.com.br\/informativo\/index.php?rest_route=%2Fwp%2Fv2%2Fmedia&parent=1238"}],"wp:term":[{"taxonomy":"category","embeddable":true,"href":"https:\/\/cdlitajai.com.br\/informativo\/index.php?rest_route=%2Fwp%2Fv2%2Fcategories&post=1238"},{"taxonomy":"post_tag","embeddable":true,"href":"https:\/\/cdlitajai.com.br\/informativo\/index.php?rest_route=%2Fwp%2Fv2%2Ftags&post=1238"}],"curies":[{"name":"wp","href":"https:\/\/api.w.org\/{rel}","templated":true}]}}