{"id":1080,"date":"2025-07-31T09:24:09","date_gmt":"2025-07-31T12:24:09","guid":{"rendered":"https:\/\/cdlitajai.com.br\/informativo\/?p=1080"},"modified":"2025-09-01T11:41:49","modified_gmt":"2025-09-01T14:41:49","slug":"sistems-de-baixa-de-empresas-sao-integrados-em-itajai","status":"publish","type":"post","link":"https:\/\/cdlitajai.com.br\/informativo\/?p=1080","title":{"rendered":"Sistema de baixa de empresas s\u00e3o integrados em Itaja\u00ed"},"content":{"rendered":"\n<p>O Munic\u00edpio de Itaja\u00ed realizou a integra\u00e7\u00e3o da baixa cadastral junto ao sistema Regin, que comp\u00f5e a Redesim. Dessa forma, ao encerrar as atividades do estabelecimento ou realizar a altera\u00e7\u00e3o do endere\u00e7o para outro munic\u00edpio, o contribuinte n\u00e3o precisar\u00e1 mais solicitar a baixa do Cadastro de Contribuintes Municipal (Inscri\u00e7\u00e3o Municipal) e do Alvar\u00e1 de Localiza\u00e7\u00e3o e Funcionamento para o Munic\u00edpio. \u00c9 necess\u00e1rio apenas a comunica\u00e7\u00e3o junto ao Regin, sendo integrado de forma autom\u00e1tica sua baixa.<br>&nbsp;<br>O download da certid\u00e3o de baixa municipal pode ser realizada minutos ap\u00f3s a conclus\u00e3o do processo na Junta Comercial, no seguinte endere\u00e7o:&nbsp;<a href=\"https:\/\/iss.itajai.sc.gov.br\/sefaz\/jsp\/cnd\/index.jsp\">https:\/\/iss.itajai.sc.gov.br\/sefaz\/jsp\/cnd\/index.jsp<\/a>.<br>&nbsp;<br>\u201cSem essa obriga\u00e7\u00e3o acess\u00f3ria aumenta a seguran\u00e7a jur\u00eddica do contribuinte inclusive na decis\u00e3o de abertura de empresa no munic\u00edpio, pois n\u00e3o ir\u00e1 incorrer na multa prevista em caso de esquecimento, t\u00e3o pouco ter\u00e1 incid\u00eancia da Taxa de Localiza\u00e7\u00e3o e Funcionamento para os exerc\u00edcios futuros. Al\u00e9m de simplificar o trabalho do contador ao realizar a baixa da empresa, aumentando a efici\u00eancia do ambiente de neg\u00f3cio\u201d, explica o secret\u00e1rio de Fazenda, Rodrigo Silveira.<br>&nbsp;<br>Fica ainda necess\u00e1ria a solicita\u00e7\u00e3o de baixa de aut\u00f4nomo ou a retroativa, para empresas que deram baixa antes do dia 5 de maio de 2025.<\/p>\n","protected":false},"excerpt":{"rendered":"<div class=\"mh-excerpt\"><p>O Munic\u00edpio de Itaja\u00ed realizou a integra\u00e7\u00e3o da baixa cadastral junto ao sistema Regin, que comp\u00f5e a Redesim. Dessa forma, ao encerrar as atividades do estabelecimento ou realizar a altera\u00e7\u00e3o do endere\u00e7o para outro munic\u00edpio, o contribuinte n\u00e3o precisar\u00e1 mais solicitar a baixa do Cadastro de Contribuintes Municipal (Inscri\u00e7\u00e3o Municipal) e do Alvar\u00e1 de Localiza\u00e7\u00e3o e Funcionamento para o Munic\u00edpio. <a class=\"mh-excerpt-more\" href=\"https:\/\/cdlitajai.com.br\/informativo\/?p=1080\" title=\"Sistema de baixa de empresas s\u00e3o integrados em Itaja\u00ed\">[&#8230;]<\/a><\/p>\n<\/div>","protected":false},"author":3,"featured_media":1081,"comment_status":"open","ping_status":"open","sticky":false,"template":"","format":"standard","meta":[],"categories":[1],"tags":[],"_links":{"self":[{"href":"https:\/\/cdlitajai.com.br\/informativo\/index.php?rest_route=\/wp\/v2\/posts\/1080"}],"collection":[{"href":"https:\/\/cdlitajai.com.br\/informativo\/index.php?rest_route=\/wp\/v2\/posts"}],"about":[{"href":"https:\/\/cdlitajai.com.br\/informativo\/index.php?rest_route=\/wp\/v2\/types\/post"}],"author":[{"embeddable":true,"href":"https:\/\/cdlitajai.com.br\/informativo\/index.php?rest_route=\/wp\/v2\/users\/3"}],"replies":[{"embeddable":true,"href":"https:\/\/cdlitajai.com.br\/informativo\/index.php?rest_route=%2Fwp%2Fv2%2Fcomments&post=1080"}],"version-history":[{"count":3,"href":"https:\/\/cdlitajai.com.br\/informativo\/index.php?rest_route=\/wp\/v2\/posts\/1080\/revisions"}],"predecessor-version":[{"id":1085,"href":"https:\/\/cdlitajai.com.br\/informativo\/index.php?rest_route=\/wp\/v2\/posts\/1080\/revisions\/1085"}],"wp:featuredmedia":[{"embeddable":true,"href":"https:\/\/cdlitajai.com.br\/informativo\/index.php?rest_route=\/wp\/v2\/media\/1081"}],"wp:attachment":[{"href":"https:\/\/cdlitajai.com.br\/informativo\/index.php?rest_route=%2Fwp%2Fv2%2Fmedia&parent=1080"}],"wp:term":[{"taxonomy":"category","embeddable":true,"href":"https:\/\/cdlitajai.com.br\/informativo\/index.php?rest_route=%2Fwp%2Fv2%2Fcategories&post=1080"},{"taxonomy":"post_tag","embeddable":true,"href":"https:\/\/cdlitajai.com.br\/informativo\/index.php?rest_route=%2Fwp%2Fv2%2Ftags&post=1080"}],"curies":[{"name":"wp","href":"https:\/\/api.w.org\/{rel}","templated":true}]}}